{"id":986,"date":"2024-03-10T17:47:47","date_gmt":"2024-03-10T16:47:47","guid":{"rendered":"https:\/\/cdu-sha.de\/stadtverband-sha\/?p=986"},"modified":"2024-03-15T12:48:16","modified_gmt":"2024-03-15T11:48:16","slug":"nominierungsveranstaltung-rot-am-see","status":"publish","type":"post","link":"https:\/\/cdu-sha.de\/stadtverband-sha\/nominierungsveranstaltung-rot-am-see\/","title":{"rendered":"Nominierungsveranstaltung Rot am See"},"content":{"rendered":"\n<p>Wir sind stolz auf unsere starke CDU-Kreistagsliste f\u00fcr den Wahlkreis Schrozberg. Unsere Kandidatinnen und Kandidaten Dr. Sebastian Kampe, Rotraud Mack, Katrin Humpfer und Reiner Gro\u00df (von links nach rechts) treten f\u00fcr eine St\u00e4rkung des l\u00e4ndlichen Raumes, den Erhalt der Kulturlandschaft, die Verbesserung der \u00e4rztlichen Versorgung, eine ausgeglichene Migrationsverteilung und eine Umweltpolitik mit Augenma\u00df an. Herzlichen Gl\u00fcckwunsch allen Nominierten und viel Erfolg bei der Wahl am 09. Juni!<\/p>\n\n\n\n<figure class=\"wp-block-image size-large\"><img fetchpriority=\"high\" decoding=\"async\" width=\"768\" height=\"1024\" src=\"https:\/\/cdu-sha.de\/stadtverband-sha\/wp-content\/uploads\/sites\/12\/2024\/03\/Pressefoto-Kandidaten-768x1024.jpg\" alt=\"\" class=\"wp-image-1168\" srcset=\"https:\/\/cdu-sha.de\/stadtverband-sha\/wp-content\/uploads\/sites\/12\/2024\/03\/Pressefoto-Kandidaten-768x1024.jpg 768w, https:\/\/cdu-sha.de\/stadtverband-sha\/wp-content\/uploads\/sites\/12\/2024\/03\/Pressefoto-Kandidaten-225x300.jpg 225w, https:\/\/cdu-sha.de\/stadtverband-sha\/wp-content\/uploads\/sites\/12\/2024\/03\/Pressefoto-Kandidaten-1152x1536.jpg 1152w, https:\/\/cdu-sha.de\/stadtverband-sha\/wp-content\/uploads\/sites\/12\/2024\/03\/Pressefoto-Kandidaten.jpg 1200w\" sizes=\"(max-width: 768px) 100vw, 768px\" \/><\/figure>\n","protected":false},"excerpt":{"rendered":"<p>Wir sind stolz auf unsere starke CDU-Kreistagsliste f\u00fcr den Wahlkreis Schrozberg. Unsere Kandidatinnen und Kandidaten Dr. Sebastian Kampe, Rotraud Mack, Katrin Humpfer und Reiner Gro\u00df (von links nach rechts) treten [&hellip;]<\/p>\n","protected":false},"author":4,"featured_media":990,"comment_status":"closed","ping_status":"open","sticky":false,"template":"","format":"standard","meta":{"_acf_changed":false,"inline_featured_image":false,"_price":"","_stock":"","_tribe_ticket_header":"","_tribe_default_ticket_provider":"","_tribe_ticket_capacity":"0","_ticket_start_date":"","_ticket_end_date":"","_tribe_ticket_show_description":"","_tribe_ticket_show_not_going":false,"_tribe_ticket_use_global_stock":"","_tribe_ticket_global_stock_level":"","_global_stock_mode":"","_global_stock_cap":"","_tribe_rsvp_for_event":"","_tribe_ticket_going_count":"","_tribe_ticket_not_going_count":"","_tribe_tickets_list":"[]","_tribe_ticket_has_attendee_info_fields":false,"footnotes":""},"categories":[1],"tags":[],"antragstyp":[],"class_list":["post-986","post","type-post","status-publish","format-standard","has-post-thumbnail","hentry","category-uncategorized"],"acf":[],"_links":{"self":[{"href":"https:\/\/cdu-sha.de\/stadtverband-sha\/wp-json\/wp\/v2\/posts\/986","targetHints":{"allow":["GET"]}}],"collection":[{"href":"https:\/\/cdu-sha.de\/stadtverband-sha\/wp-json\/wp\/v2\/posts"}],"about":[{"href":"https:\/\/cdu-sha.de\/stadtverband-sha\/wp-json\/wp\/v2\/types\/post"}],"author":[{"embeddable":true,"href":"https:\/\/cdu-sha.de\/stadtverband-sha\/wp-json\/wp\/v2\/users\/4"}],"replies":[{"embeddable":true,"href":"https:\/\/cdu-sha.de\/stadtverband-sha\/wp-json\/wp\/v2\/comments?post=986"}],"version-history":[{"count":5,"href":"https:\/\/cdu-sha.de\/stadtverband-sha\/wp-json\/wp\/v2\/posts\/986\/revisions"}],"predecessor-version":[{"id":1169,"href":"https:\/\/cdu-sha.de\/stadtverband-sha\/wp-json\/wp\/v2\/posts\/986\/revisions\/1169"}],"wp:featuredmedia":[{"embeddable":true,"href":"https:\/\/cdu-sha.de\/stadtverband-sha\/wp-json\/wp\/v2\/media\/990"}],"wp:attachment":[{"href":"https:\/\/cdu-sha.de\/stadtverband-sha\/wp-json\/wp\/v2\/media?parent=986"}],"wp:term":[{"taxonomy":"category","embeddable":true,"href":"https:\/\/cdu-sha.de\/stadtverband-sha\/wp-json\/wp\/v2\/categories?post=986"},{"taxonomy":"post_tag","embeddable":true,"href":"https:\/\/cdu-sha.de\/stadtverband-sha\/wp-json\/wp\/v2\/tags?post=986"},{"taxonomy":"antragstyp","embeddable":true,"href":"https:\/\/cdu-sha.de\/stadtverband-sha\/wp-json\/wp\/v2\/antragstyp?post=986"}],"curies":[{"name":"wp","href":"https:\/\/api.w.org\/{rel}","templated":true}]}}