{"id":1815,"date":"2025-12-07T20:44:54","date_gmt":"2025-12-07T19:44:54","guid":{"rendered":"https:\/\/cdu-sha.de\/stadtverband-crailsheim\/?p=1815"},"modified":"2025-12-07T21:09:19","modified_gmt":"2025-12-07T20:09:19","slug":"haushaltsrede-2026-der-cdu-fraktion-crailsheimhaushalts","status":"publish","type":"post","link":"https:\/\/cdu-sha.de\/stadtverband-crailsheim\/haushaltsrede-2026-der-cdu-fraktion-crailsheimhaushalts\/","title":{"rendered":"Haushaltsrede 2026 der CDU-Gemeinderatsfraktion Crailsheim"},"content":{"rendered":"\n<p><strong>von Wolfgang Lehnert, Vorsitzender der CDU Gemeinderatsfraktion Crailsheim<\/strong><\/p>\n\n\n\n<p>Crailsheim steht 2026 vor gro\u00dfen Herausforderungen: wachsende gesetzliche Aufgaben, steigender Sanierungsbedarf und eine weiterhin hohe Bugwelle an nicht umgesetzten Projekten. Die CDU-Fraktion macht daher deutlich, dass dieses Jahr vor allem im Zeichen von Konzentration, Realismus und klarer Priorisierung stehen muss. Statt immer neue Vorhaben zu beginnen, sollen begonnene Projekte verl\u00e4sslich abgeschlossen werden.<\/p>\n\n\n\n<p>Ein zentrales Anliegen ist die St\u00e4rkung des Sicherheitsgef\u00fchls in der Stadt. Durch eine bessere Beleuchtung auf der Fu\u00dfwegverbindung zwischen Bahnhof, ZOB und Innenstadt soll bereits mit einfachen Mitteln sp\u00fcrbar mehr Sicherheit geschaffen werden. Auch die medizinische Versorgung bleibt ein Schwerpunktthema: Crailsheim braucht attraktive Bedingungen, um \u00c4rztinnen und \u00c4rzte zu halten und neue Fachkr\u00e4fte zu gewinnen \u2013 unterst\u00fctzt durch F\u00f6rderprogramme und langfristige Standortentwicklung.<\/p>\n\n\n\n<p>Beim Wohnen und der Verkehrssituation setzt die CDU auf pragmatische L\u00f6sungen. Ein Stellplatzschl\u00fcssel von 1,5 f\u00fcr neue Wohnanlagen soll die Quartiere entlasten und Konflikte vermeiden. Ebenso fordert die Fraktion mehr Tempo bei der Stra\u00dfensanierung, damit der Zustand der Verkehrsinfrastruktur nicht weiter zur\u00fcckf\u00e4llt.<\/p>\n\n\n\n<p>Das Ehrenamt als R\u00fcckgrat des gesellschaftlichen Lebens soll gezielt gest\u00e4rkt werden \u2013 unter anderem durch kleinere Verbesserungen in der Infrastruktur wie die Erneuerung der Sportlerduschen in Ro\u00dffeld oder durch mehr Flexibilit\u00e4t bei St\u00e4dtepartnerschaften.<\/p>\n\n\n\n<p>Angesichts steigender Personalkosten und eines klar negativen Haushaltssaldos fordert die CDU eine ehrliche Priorisierung: nicht jede freiwillige Leistung ist dauerhaft finanzierbar, und Verwaltungsstrukturen m\u00fcssen effizienter werden. Digitalisierung, klare Zust\u00e4ndigkeiten und ein realistisches Projektmanagement sind daf\u00fcr entscheidend.<\/p>\n\n\n\n<p>Die CDU-Fraktion betont, dass 2026 ein Jahr der Umsetzung sein muss: verl\u00e4sslich, b\u00fcrgernah und ohne \u00fcberfl\u00fcssige Visionen. <\/p>\n\n\n\n<p>Wer Details lesen m\u00f6chte, findet die vollst\u00e4ndige Haushaltsrede des Vorsitzenden der CDU Gemeinderatsfraktion Wolfgang Lehnert im angeh\u00e4ngten PDF.<\/p>\n\n\n\n<div data-wp-interactive=\"core\/file\" class=\"wp-block-file\"><object data-wp-bind--hidden=\"!state.hasPdfPreview\" hidden class=\"wp-block-file__embed\" data=\"https:\/\/cdu-sha.de\/stadtverband-crailsheim\/wp-content\/uploads\/sites\/18\/2025\/12\/Haushaltsrede-2026_CDU-Fraktion_W_Lehnert.pdf\" type=\"application\/pdf\" style=\"width:100%;height:600px\" aria-label=\"Einbettung von Haushaltsrede 2026_CDU Fraktion_W_Lehnert.\"><\/object><a id=\"wp-block-file--media-e935ad20-028d-404b-b3b7-261fd72f282a\" href=\"https:\/\/cdu-sha.de\/stadtverband-crailsheim\/wp-content\/uploads\/sites\/18\/2025\/12\/Haushaltsrede-2026_CDU-Fraktion_W_Lehnert.pdf\">Haushaltsrede 2026_CDU Fraktion_W_Lehnert<\/a><a href=\"https:\/\/cdu-sha.de\/stadtverband-crailsheim\/wp-content\/uploads\/sites\/18\/2025\/12\/Haushaltsrede-2026_CDU-Fraktion_W_Lehnert.pdf\" class=\"wp-block-file__button wp-element-button\" download aria-describedby=\"wp-block-file--media-e935ad20-028d-404b-b3b7-261fd72f282a\">Herunterladen<\/a><\/div>\n","protected":false},"excerpt":{"rendered":"<p>von Wolfgang Lehnert, Vorsitzender der CDU Gemeinderatsfraktion Crailsheim Crailsheim steht 2026 vor gro\u00dfen Herausforderungen: wachsende gesetzliche Aufgaben, steigender Sanierungsbedarf und eine weiterhin hohe Bugwelle an nicht umgesetzten Projekten. Die CDU-Fraktion [&hellip;]<\/p>\n","protected":false},"author":2,"featured_media":1775,"comment_status":"closed","ping_status":"open","sticky":false,"template":"","format":"standard","meta":{"_acf_changed":false,"inline_featured_image":false,"_price":"","_stock":"","_tribe_ticket_header":"","_tribe_default_ticket_provider":"","_tribe_ticket_capacity":"0","_ticket_start_date":"","_ticket_end_date":"","_tribe_ticket_show_description":"","_tribe_ticket_show_not_going":false,"_tribe_ticket_use_global_stock":"","_tribe_ticket_global_stock_level":"","_global_stock_mode":"","_global_stock_cap":"","_tribe_rsvp_for_event":"","_tribe_ticket_going_count":"","_tribe_ticket_not_going_count":"","_tribe_tickets_list":"[]","_tribe_ticket_has_attendee_info_fields":false,"footnotes":""},"categories":[1],"tags":[],"antragstyp":[],"class_list":["post-1815","post","type-post","status-publish","format-standard","has-post-thumbnail","hentry","category-uncategorized"],"acf":[],"_links":{"self":[{"href":"https:\/\/cdu-sha.de\/stadtverband-crailsheim\/wp-json\/wp\/v2\/posts\/1815","targetHints":{"allow":["GET"]}}],"collection":[{"href":"https:\/\/cdu-sha.de\/stadtverband-crailsheim\/wp-json\/wp\/v2\/posts"}],"about":[{"href":"https:\/\/cdu-sha.de\/stadtverband-crailsheim\/wp-json\/wp\/v2\/types\/post"}],"author":[{"embeddable":true,"href":"https:\/\/cdu-sha.de\/stadtverband-crailsheim\/wp-json\/wp\/v2\/users\/2"}],"replies":[{"embeddable":true,"href":"https:\/\/cdu-sha.de\/stadtverband-crailsheim\/wp-json\/wp\/v2\/comments?post=1815"}],"version-history":[{"count":7,"href":"https:\/\/cdu-sha.de\/stadtverband-crailsheim\/wp-json\/wp\/v2\/posts\/1815\/revisions"}],"predecessor-version":[{"id":1841,"href":"https:\/\/cdu-sha.de\/stadtverband-crailsheim\/wp-json\/wp\/v2\/posts\/1815\/revisions\/1841"}],"wp:featuredmedia":[{"embeddable":true,"href":"https:\/\/cdu-sha.de\/stadtverband-crailsheim\/wp-json\/wp\/v2\/media\/1775"}],"wp:attachment":[{"href":"https:\/\/cdu-sha.de\/stadtverband-crailsheim\/wp-json\/wp\/v2\/media?parent=1815"}],"wp:term":[{"taxonomy":"category","embeddable":true,"href":"https:\/\/cdu-sha.de\/stadtverband-crailsheim\/wp-json\/wp\/v2\/categories?post=1815"},{"taxonomy":"post_tag","embeddable":true,"href":"https:\/\/cdu-sha.de\/stadtverband-crailsheim\/wp-json\/wp\/v2\/tags?post=1815"},{"taxonomy":"antragstyp","embeddable":true,"href":"https:\/\/cdu-sha.de\/stadtverband-crailsheim\/wp-json\/wp\/v2\/antragstyp?post=1815"}],"curies":[{"name":"wp","href":"https:\/\/api.w.org\/{rel}","templated":true}]}}