{"id":1170,"date":"2024-03-15T13:00:55","date_gmt":"2024-03-15T12:00:55","guid":{"rendered":"https:\/\/cdu-sha.de\/gemeindeverband-untermuenkheim\/?p=1170"},"modified":"2024-03-15T19:52:02","modified_gmt":"2024-03-15T18:52:02","slug":"nominierungsveranstaltung-gaildorf","status":"publish","type":"post","link":"https:\/\/cdu-sha.de\/gemeindeverband-untermuenkheim\/nominierungsveranstaltung-gaildorf\/","title":{"rendered":"Nominierungsveranstaltung Gaildorf"},"content":{"rendered":"\n<p>F\u00fcr die Kreistagswahl des Kreises Schw\u00e4bisch Hall nomierte die CDU Limpurger Land am Donnerstag, den 07.03.2024 ihre Kandidatin und Kandidaten f\u00fcr den Wahlkreis 3, Gaildorf. <\/p>\n\n\n\n<p>Den Rahmen dazu bildete der sch\u00f6ne Wurmbrandsaal im Alten Schloss Gaildorf.<\/p>\n\n\n\n<p>Unter der kompetenten Wahlleitung der CDU Fraktionsvorsitzenden im Kreistag, Isabell Rathgeb, fanden sich schnell gen\u00fcgend Kandidatinnen und Kandiaten und so konnte die Wahl z\u00fcgig durchgef\u00fchrt werden.<\/p>\n\n\n\n<p>Die anwesenden CDU Mitglieder w\u00e4hlten einstimmig die 9 Kandidierenden f\u00fcr die Kreistagswahl.<\/p>\n\n\n\n<p>Die Kandidatin und Kandidaten repr\u00e4sentieren mit ihrem Wissen, ihrer Erfahrung und ihrem mitmenschlichen Bezug die B\u00fcrgerinnen und B\u00fcrger des Wahlkreises.<\/p>\n\n\n\n<p>Es sind nahezu alle Altersgruppen von jung bis jungalt vertreten, die Berufsgruppen wie Landwirte, Unternehmer, Beamte, Arbeiter und Angestellte kennen die Bed\u00fcrfnisse und t\u00e4glichen Anforderungen der B\u00fcrgerinnen und B\u00fcrger und setzen sich daf\u00fcr ein. Damit steht eine schlagkr\u00e4ftige und kompetente Mannschaft f\u00fcr die Kreistagswahl bereit.<\/p>\n\n\n\n<figure class=\"wp-block-image size-large\"><img fetchpriority=\"high\" decoding=\"async\" width=\"1024\" height=\"553\" src=\"https:\/\/cdu-sha.de\/gemeindeverband-untermuenkheim\/wp-content\/uploads\/sites\/9\/2024\/03\/Kandidierende-Gaildorf-1024x553.jpg\" alt=\"\" class=\"wp-image-1171\" srcset=\"https:\/\/cdu-sha.de\/gemeindeverband-untermuenkheim\/wp-content\/uploads\/sites\/9\/2024\/03\/Kandidierende-Gaildorf-1024x553.jpg 1024w, https:\/\/cdu-sha.de\/gemeindeverband-untermuenkheim\/wp-content\/uploads\/sites\/9\/2024\/03\/Kandidierende-Gaildorf-300x162.jpg 300w, https:\/\/cdu-sha.de\/gemeindeverband-untermuenkheim\/wp-content\/uploads\/sites\/9\/2024\/03\/Kandidierende-Gaildorf-768x415.jpg 768w, https:\/\/cdu-sha.de\/gemeindeverband-untermuenkheim\/wp-content\/uploads\/sites\/9\/2024\/03\/Kandidierende-Gaildorf-1536x830.jpg 1536w, https:\/\/cdu-sha.de\/gemeindeverband-untermuenkheim\/wp-content\/uploads\/sites\/9\/2024\/03\/Kandidierende-Gaildorf-2048x1107.jpg 2048w\" sizes=\"(max-width: 1024px) 100vw, 1024px\" \/><\/figure>\n\n\n\n<p>Die Kandidatin und Kandidaten f\u00fcr die Kreistagswahl v.l. n.r.<\/p>\n\n\n\n<p>Klaus K\u00fcbler, Ricardo J\u00e4ger, Dirk Walz, Thorsten Bichler, Julia Winterfeld, Jochen Wunderlich, Michael Haug, Rainer Baumann, Martin Krause<\/p>\n\n\n\n<p>Im Anschluss wurden bei einem kleinen Stehempfang in gem\u00fctlicher Runde die aktuellen politischen Themen diskutiert.<\/p>\n\n\n\n<p>Und schon heute unser Aufruf: Gehen Sie am 09. Juni 2024 w\u00e4hlen!<\/p>\n","protected":false},"excerpt":{"rendered":"<p>F\u00fcr die Kreistagswahl des Kreises Schw\u00e4bisch Hall nomierte die CDU Limpurger Land am Donnerstag, den 07.03.2024 ihre Kandidatin und Kandidaten f\u00fcr den Wahlkreis 3, Gaildorf. Den Rahmen dazu bildete der [&hellip;]<\/p>\n","protected":false},"author":4,"featured_media":1173,"comment_status":"closed","ping_status":"open","sticky":false,"template":"","format":"standard","meta":{"_acf_changed":false,"inline_featured_image":false,"_price":"","_stock":"","_tribe_ticket_header":"","_tribe_default_ticket_provider":"","_tribe_ticket_capacity":"0","_ticket_start_date":"","_ticket_end_date":"","_tribe_ticket_show_description":"","_tribe_ticket_show_not_going":false,"_tribe_ticket_use_global_stock":"","_tribe_ticket_global_stock_level":"","_global_stock_mode":"","_global_stock_cap":"","_tribe_rsvp_for_event":"","_tribe_ticket_going_count":"","_tribe_ticket_not_going_count":"","_tribe_tickets_list":"[]","_tribe_ticket_has_attendee_info_fields":false,"footnotes":""},"categories":[1],"tags":[],"antragstyp":[],"class_list":["post-1170","post","type-post","status-publish","format-standard","has-post-thumbnail","hentry","category-uncategorized"],"acf":[],"_links":{"self":[{"href":"https:\/\/cdu-sha.de\/gemeindeverband-untermuenkheim\/wp-json\/wp\/v2\/posts\/1170","targetHints":{"allow":["GET"]}}],"collection":[{"href":"https:\/\/cdu-sha.de\/gemeindeverband-untermuenkheim\/wp-json\/wp\/v2\/posts"}],"about":[{"href":"https:\/\/cdu-sha.de\/gemeindeverband-untermuenkheim\/wp-json\/wp\/v2\/types\/post"}],"author":[{"embeddable":true,"href":"https:\/\/cdu-sha.de\/gemeindeverband-untermuenkheim\/wp-json\/wp\/v2\/users\/4"}],"replies":[{"embeddable":true,"href":"https:\/\/cdu-sha.de\/gemeindeverband-untermuenkheim\/wp-json\/wp\/v2\/comments?post=1170"}],"version-history":[{"count":2,"href":"https:\/\/cdu-sha.de\/gemeindeverband-untermuenkheim\/wp-json\/wp\/v2\/posts\/1170\/revisions"}],"predecessor-version":[{"id":1174,"href":"https:\/\/cdu-sha.de\/gemeindeverband-untermuenkheim\/wp-json\/wp\/v2\/posts\/1170\/revisions\/1174"}],"wp:featuredmedia":[{"embeddable":true,"href":"https:\/\/cdu-sha.de\/gemeindeverband-untermuenkheim\/wp-json\/wp\/v2\/media\/1173"}],"wp:attachment":[{"href":"https:\/\/cdu-sha.de\/gemeindeverband-untermuenkheim\/wp-json\/wp\/v2\/media?parent=1170"}],"wp:term":[{"taxonomy":"category","embeddable":true,"href":"https:\/\/cdu-sha.de\/gemeindeverband-untermuenkheim\/wp-json\/wp\/v2\/categories?post=1170"},{"taxonomy":"post_tag","embeddable":true,"href":"https:\/\/cdu-sha.de\/gemeindeverband-untermuenkheim\/wp-json\/wp\/v2\/tags?post=1170"},{"taxonomy":"antragstyp","embeddable":true,"href":"https:\/\/cdu-sha.de\/gemeindeverband-untermuenkheim\/wp-json\/wp\/v2\/antragstyp?post=1170"}],"curies":[{"name":"wp","href":"https:\/\/api.w.org\/{rel}","templated":true}]}}